{"id":814,"date":"2012-06-08T20:05:02","date_gmt":"2012-06-08T20:05:02","guid":{"rendered":"http:\/\/myblog.foentrich.de\/?p=814"},"modified":"2012-08-28T18:58:50","modified_gmt":"2012-08-28T18:58:50","slug":"tag-22-fahrt-ins-blaue-und-besuch-beim-lamm","status":"publish","type":"post","link":"http:\/\/myblog.foentrich.de\/?p=814","title":{"rendered":"Tag 22 &ndash; Fahrt ins Blaue und Besuch beim Lamm"},"content":{"rendered":"<p>Weil heute <strong>einer<\/strong> Geburtstag hat, gibt es nach der n\u00e4chtlichen \u2018Reinfeier\u2019 mit Geschenken eine Fahrt ins Blaue. Mit einem geruhsamen morgendlichen Start, geht es auf die Burg Hohen Neuffen. Von dieser Burg steht heute nur noch die Au\u00dfenmauer und eine respektable Burggastst\u00e4tte. Bei sch\u00f6nem Wetter genie\u00dfen wir hier oben einen tollen Ausblick in die Alb. Das ist schon eine wirklich sch\u00f6ne Gegend hier. Auf dem Weg zum Parkplatz sehen wir etliche (verendete) Maik\u00e4fer am Boden. Die habe ich eigentlich zuhause nur als Kind noch gesehen. <br \/>Weiter geht die (blaue, ich meine wirklich die Farbe <img loading=\"lazy\" decoding=\"async\" src=\"http:\/\/myblog.foentrich.de\/wp-content\/uploads\/2012\/06\/wlEmoticon-smile2.png\" id=\"blogsy-1346180300615.3862\" class=\"wlEmoticon wlEmoticon-smile\" alt=\"Smiley\" width=\"19\" height=\"19\">) Fahrt nach Bad Boll. Hier schauen wir uns mal eben die Wirkungsst\u00e4tte von Babe an. In einem kleinen beschaulichen Hotel nehmen wir einen Drink. Dann fahren wir zur letzten Station f\u00fcr heute nach Hepsisau. Dort gibt es einen Gasthof Lamm. Von au\u00dfen unscheinbar, finden wir drinnen ein Restaurant mit einer wirklich guten italienischen K\u00fcche. Das hat die Babe aber gut ausgesucht. Endlich mal Kaninchen \u2026 l\u00e4gger <img loading=\"lazy\" decoding=\"async\" src=\"http:\/\/myblog.foentrich.de\/wp-content\/uploads\/2012\/06\/wlEmoticon-smile2.png\" id=\"blogsy-1346180300601.8484\" class=\"wlEmoticon wlEmoticon-smile\" alt=\"Smiley\" width=\"19\" height=\"19\">. Der Kellner ist auch gleich so freundlich und weist mich auf viele Dinge hin. Z.B. die Lage des Besteck, wenn man fertig gegessen hat. Jetzt wei\u00df ich; der \u2018Gruffalo\u2019 kommt nicht nur im Kinderbuch vor; ist aber im Ganzen auf seine spezielle Art wohl freundlich.<br \/>Wohl gen\u00e4hrt geht es dann zu Bette.<\/p>\n<p><a href=\"http:\/\/myblog.foentrich.de\/wp-content\/uploads\/2012\/06\/IMG_4129.jpg\"><img loading=\"lazy\" decoding=\"async\" src=\"http:\/\/myblog.foentrich.de\/wp-content\/uploads\/2012\/06\/IMG_4129_thumb.jpg\" id=\"blogsy-1346180300656.2463\" class=\"\" alt=\"IMG_4129\" width=\"618\" height=\"464\"><\/a><\/p>\n<p><a href=\"http:\/\/myblog.foentrich.de\/wp-content\/uploads\/2012\/06\/IMG_4137.jpg\"><img loading=\"lazy\" decoding=\"async\" src=\"http:\/\/myblog.foentrich.de\/wp-content\/uploads\/2012\/06\/IMG_4137_thumb.jpg\" id=\"blogsy-1346180300642.8381\" class=\"\" alt=\"IMG_4137\" width=\"621\" height=\"467\"><\/a><\/p>\n<p><a href=\"http:\/\/myblog.foentrich.de\/wp-content\/uploads\/2012\/06\/IMG_4141.jpg\"><img loading=\"lazy\" decoding=\"async\" src=\"http:\/\/myblog.foentrich.de\/wp-content\/uploads\/2012\/06\/IMG_4141_thumb.jpg\" id=\"blogsy-1346180300573.2986\" class=\"\" alt=\"IMG_4141\" width=\"624\" height=\"469\"><\/a><\/p>\n<p><a href=\"http:\/\/myblog.foentrich.de\/wp-content\/uploads\/2012\/06\/IMG_4144.jpg\"><img loading=\"lazy\" decoding=\"async\" src=\"http:\/\/myblog.foentrich.de\/wp-content\/uploads\/2012\/06\/IMG_4144_thumb.jpg\" id=\"blogsy-1346180300613.0376\" class=\"\" alt=\"IMG_4144\" width=\"627\" height=\"472\"><\/a><\/p>\n<p><a href=\"http:\/\/myblog.foentrich.de\/wp-content\/uploads\/2012\/06\/IMG_4157.jpg\"><img loading=\"lazy\" decoding=\"async\" src=\"http:\/\/myblog.foentrich.de\/wp-content\/uploads\/2012\/06\/IMG_4157_thumb.jpg\" id=\"blogsy-1346180300662.8262\" class=\"\" alt=\"IMG_4157\" width=\"631\" height=\"474\"><\/a><\/p>\n<p><a href=\"http:\/\/myblog.foentrich.de\/wp-content\/uploads\/2012\/06\/IMG_4171.jpg\"><img loading=\"lazy\" decoding=\"async\" src=\"http:\/\/myblog.foentrich.de\/wp-content\/uploads\/2012\/06\/IMG_4171_thumb.jpg\" id=\"blogsy-1346180300569.4326\" class=\"\" alt=\"IMG_4171\" width=\"634\" height=\"476\"><\/a><\/p>\n<p><a href=\"http:\/\/myblog.foentrich.de\/wp-content\/uploads\/2012\/06\/IMG_4182.jpg\"><img loading=\"lazy\" decoding=\"async\" src=\"http:\/\/myblog.foentrich.de\/wp-content\/uploads\/2012\/06\/IMG_4182_thumb.jpg\" id=\"blogsy-1346180300604.4722\" class=\"\" alt=\"IMG_4182\" width=\"634\" height=\"477\"><\/a><\/p>\n<p><a href=\"http:\/\/myblog.foentrich.de\/wp-content\/uploads\/2012\/06\/IMG_4190.jpg\"><img loading=\"lazy\" decoding=\"async\" src=\"http:\/\/myblog.foentrich.de\/wp-content\/uploads\/2012\/06\/IMG_4190_thumb.jpg\" id=\"blogsy-1346180300641.9795\" class=\"\" alt=\"IMG_4190\" width=\"635\" height=\"477\"><\/a><\/p>\n<p>&nbsp;<\/p>\n","protected":false},"excerpt":{"rendered":"<p>Weil heute einer Geburtstag hat, gibt es nach der n\u00e4chtlichen \u2018Reinfeier\u2019 mit Geschenken eine Fahrt ins Blaue. Mit einem geruhsamen morgendlichen Start, geht es auf die Burg Hohen Neuffen. Von dieser Burg steht heute nur noch die Au\u00dfenmauer und eine respektable Burggastst\u00e4tte. Bei sch\u00f6nem Wetter genie\u00dfen wir hier oben einen tollen Ausblick in die Alb. &hellip; <a href=\"http:\/\/myblog.foentrich.de\/?p=814\" class=\"more-link\"><span class=\"screen-reader-text\">Tag 22 &ndash; Fahrt ins Blaue und Besuch beim Lamm<\/span> weiterlesen <span class=\"meta-nav\">&rarr;<\/span><\/a><\/p>\n","protected":false},"author":1,"featured_media":0,"comment_status":"open","ping_status":"open","sticky":false,"template":"","format":"standard","meta":{"footnotes":""},"categories":[4],"tags":[],"class_list":["post-814","post","type-post","status-publish","format-standard","hentry","category-italien"],"_links":{"self":[{"href":"http:\/\/myblog.foentrich.de\/index.php?rest_route=\/wp\/v2\/posts\/814","targetHints":{"allow":["GET"]}}],"collection":[{"href":"http:\/\/myblog.foentrich.de\/index.php?rest_route=\/wp\/v2\/posts"}],"about":[{"href":"http:\/\/myblog.foentrich.de\/index.php?rest_route=\/wp\/v2\/types\/post"}],"author":[{"embeddable":true,"href":"http:\/\/myblog.foentrich.de\/index.php?rest_route=\/wp\/v2\/users\/1"}],"replies":[{"embeddable":true,"href":"http:\/\/myblog.foentrich.de\/index.php?rest_route=%2Fwp%2Fv2%2Fcomments&post=814"}],"version-history":[{"count":2,"href":"http:\/\/myblog.foentrich.de\/index.php?rest_route=\/wp\/v2\/posts\/814\/revisions"}],"predecessor-version":[{"id":997,"href":"http:\/\/myblog.foentrich.de\/index.php?rest_route=\/wp\/v2\/posts\/814\/revisions\/997"}],"wp:attachment":[{"href":"http:\/\/myblog.foentrich.de\/index.php?rest_route=%2Fwp%2Fv2%2Fmedia&parent=814"}],"wp:term":[{"taxonomy":"category","embeddable":true,"href":"http:\/\/myblog.foentrich.de\/index.php?rest_route=%2Fwp%2Fv2%2Fcategories&post=814"},{"taxonomy":"post_tag","embeddable":true,"href":"http:\/\/myblog.foentrich.de\/index.php?rest_route=%2Fwp%2Fv2%2Ftags&post=814"}],"curies":[{"name":"wp","href":"https:\/\/api.w.org\/{rel}","templated":true}]}}