{"id":806,"date":"2012-06-01T20:52:22","date_gmt":"2012-06-01T20:52:22","guid":{"rendered":"http:\/\/myblog.foentrich.de\/?p=806"},"modified":"2012-06-12T18:43:02","modified_gmt":"2012-06-12T18:43:02","slug":"tag-17-vom-meer-an-die-oberitalienischen-seen-lago-maggiore-luganer-und-comer-see","status":"publish","type":"post","link":"http:\/\/myblog.foentrich.de\/?p=806","title":{"rendered":"Tag 17 &ndash; Vom Meer an die oberitalienischen Seen; Lago Maggiore und Lago di Orta"},"content":{"rendered":"<p>Wir fahren wieder hoch, von Deiva zur Autostrada Richtung Genua. Hinter Genua geht es weiter Richtung Alessandria und durch die Po-Ebene nach Verbania am Lago Maggiore. In der Po Ebene treffen wir auf gro\u00dfe Felder, auf denen der \u2018Risotto\u2019 Reis angebaut wird. Bilder, wie man sie sonst eigentlich nur aus Asien gewohnt ist. In der N\u00e4he von Verbania machen wir einen Stop und schauen einem Hund beim Badespa\u00df zu. Der Hundebesitzer sorgt f\u00fcr Unterhaltung und wirft eine Plastikflasche in den See, die mit Freude apportiert wird. Wir kommen mit dem Hundebesitzer ins Gespr\u00e4ch. Stellen fest, das er Deutscher ist und von Beruf Maler hier am See seiner Arbeit nachgeht. Wieder einmal scheint die Welt klein zu sein. Wir bekommen einen Ausflugstip zum Lago di Orta. Dort soll es nicht so \u00fcberlaufen und teuer sein. Letztlich in Verbania angekommen, beziehen wir (nach kurzem Intermezzo mit der \u00f6rtlichen Polizei) unser Hotelzimmer. Wir wohnen diesmal direkt am See, in einem kleinen \u201cSchickimicki\u201d Laden. \u00dcberall l\u00e4uft hier recht \u2018deutlich\u2019 Musik. Na eben Italien \u2026 etwas schrill.<br \/>Nach einem Rundgang durch die Altstadt von Verbania sind wir zeitig im Bett.<\/p>\n<p><a href=\"http:\/\/myblog.foentrich.de\/wp-content\/uploads\/2012\/06\/IMG_3660.jpg\"><img loading=\"lazy\" decoding=\"async\" style=\"background-image: none; border-bottom: 0px; border-left: 0px; padding-left: 0px; padding-right: 0px; display: inline; border-top: 0px; border-right: 0px; padding-top: 0px\" title=\"IMG_3660\" border=\"0\" alt=\"IMG_3660\" src=\"http:\/\/myblog.foentrich.de\/wp-content\/uploads\/2012\/06\/IMG_3660_thumb.jpg\" width=\"599\" height=\"450\"><\/a><\/p>\n<p><a href=\"http:\/\/myblog.foentrich.de\/wp-content\/uploads\/2012\/06\/IMG_3663.jpg\"><img loading=\"lazy\" decoding=\"async\" style=\"background-image: none; border-bottom: 0px; border-left: 0px; padding-left: 0px; padding-right: 0px; display: inline; border-top: 0px; border-right: 0px; padding-top: 0px\" title=\"IMG_3663\" border=\"0\" alt=\"IMG_3663\" src=\"http:\/\/myblog.foentrich.de\/wp-content\/uploads\/2012\/06\/IMG_3663_thumb.jpg\" width=\"599\" height=\"450\"><\/a><\/p>\n<p><a href=\"http:\/\/myblog.foentrich.de\/wp-content\/uploads\/2012\/06\/IMG_3671.jpg\"><img loading=\"lazy\" decoding=\"async\" style=\"background-image: none; border-bottom: 0px; border-left: 0px; padding-left: 0px; padding-right: 0px; display: inline; border-top: 0px; border-right: 0px; padding-top: 0px\" title=\"IMG_3671\" border=\"0\" alt=\"IMG_3671\" src=\"http:\/\/myblog.foentrich.de\/wp-content\/uploads\/2012\/06\/IMG_3671_thumb.jpg\" width=\"602\" height=\"452\"><\/a><\/p>\n<p><a href=\"http:\/\/myblog.foentrich.de\/wp-content\/uploads\/2012\/06\/IMG_3683.jpg\"><img loading=\"lazy\" decoding=\"async\" style=\"background-image: none; border-bottom: 0px; border-left: 0px; padding-left: 0px; padding-right: 0px; display: inline; border-top: 0px; border-right: 0px; padding-top: 0px\" title=\"IMG_3683\" border=\"0\" alt=\"IMG_3683\" src=\"http:\/\/myblog.foentrich.de\/wp-content\/uploads\/2012\/06\/IMG_3683_thumb.jpg\" width=\"602\" height=\"453\"><\/a><\/p>\n<p><a href=\"http:\/\/myblog.foentrich.de\/wp-content\/uploads\/2012\/06\/IMG_3693.jpg\"><img loading=\"lazy\" decoding=\"async\" style=\"background-image: none; border-bottom: 0px; border-left: 0px; padding-left: 0px; padding-right: 0px; display: inline; border-top: 0px; border-right: 0px; padding-top: 0px\" title=\"IMG_3693\" border=\"0\" alt=\"IMG_3693\" src=\"http:\/\/myblog.foentrich.de\/wp-content\/uploads\/2012\/06\/IMG_3693_thumb.jpg\" width=\"603\" height=\"453\"><\/a><\/p>\n","protected":false},"excerpt":{"rendered":"<p>Wir fahren wieder hoch, von Deiva zur Autostrada Richtung Genua. Hinter Genua geht es weiter Richtung Alessandria und durch die Po-Ebene nach Verbania am Lago Maggiore. In der Po Ebene treffen wir auf gro\u00dfe Felder, auf denen der \u2018Risotto\u2019 Reis angebaut wird. Bilder, wie man sie sonst eigentlich nur aus Asien gewohnt ist. In der &hellip; <a href=\"http:\/\/myblog.foentrich.de\/?p=806\" class=\"more-link\"><span class=\"screen-reader-text\">Tag 17 &ndash; Vom Meer an die oberitalienischen Seen; Lago Maggiore und Lago di Orta<\/span> weiterlesen <span class=\"meta-nav\">&rarr;<\/span><\/a><\/p>\n","protected":false},"author":1,"featured_media":0,"comment_status":"open","ping_status":"open","sticky":false,"template":"","format":"standard","meta":{"footnotes":""},"categories":[4],"tags":[],"class_list":["post-806","post","type-post","status-publish","format-standard","hentry","category-italien"],"_links":{"self":[{"href":"http:\/\/myblog.foentrich.de\/index.php?rest_route=\/wp\/v2\/posts\/806","targetHints":{"allow":["GET"]}}],"collection":[{"href":"http:\/\/myblog.foentrich.de\/index.php?rest_route=\/wp\/v2\/posts"}],"about":[{"href":"http:\/\/myblog.foentrich.de\/index.php?rest_route=\/wp\/v2\/types\/post"}],"author":[{"embeddable":true,"href":"http:\/\/myblog.foentrich.de\/index.php?rest_route=\/wp\/v2\/users\/1"}],"replies":[{"embeddable":true,"href":"http:\/\/myblog.foentrich.de\/index.php?rest_route=%2Fwp%2Fv2%2Fcomments&post=806"}],"version-history":[{"count":4,"href":"http:\/\/myblog.foentrich.de\/index.php?rest_route=\/wp\/v2\/posts\/806\/revisions"}],"predecessor-version":[{"id":830,"href":"http:\/\/myblog.foentrich.de\/index.php?rest_route=\/wp\/v2\/posts\/806\/revisions\/830"}],"wp:attachment":[{"href":"http:\/\/myblog.foentrich.de\/index.php?rest_route=%2Fwp%2Fv2%2Fmedia&parent=806"}],"wp:term":[{"taxonomy":"category","embeddable":true,"href":"http:\/\/myblog.foentrich.de\/index.php?rest_route=%2Fwp%2Fv2%2Fcategories&post=806"},{"taxonomy":"post_tag","embeddable":true,"href":"http:\/\/myblog.foentrich.de\/index.php?rest_route=%2Fwp%2Fv2%2Ftags&post=806"}],"curies":[{"name":"wp","href":"https:\/\/api.w.org\/{rel}","templated":true}]}}