{"id":711,"date":"2012-05-28T20:18:07","date_gmt":"2012-05-28T20:18:07","guid":{"rendered":"http:\/\/myblog.foentrich.de\/?p=711"},"modified":"2012-08-13T17:12:26","modified_gmt":"2012-08-13T17:12:26","slug":"tag-11-over-the-hills-and-far-away","status":"publish","type":"post","link":"http:\/\/myblog.foentrich.de\/?p=711","title":{"rendered":"Tag 11 &ndash; Over the hills and far away &hellip;"},"content":{"rendered":"<p>Heute mal fr\u00fch raus. Geplant ist ein intensiver Streifzug durch den Chianti, das Land mit dem Gallo Nero. Erster Anlaufpunkt ist Castellina in Chianti. Dort kauf ich f\u00fcr 1\u20ac eine Karte vom Chianti, wo scheinbar jedes Weingut mit Reputation eingetragen ist. Auch die kleinen Stra\u00dfen sind eingetragen. Nach einem Rundgang durch das \u201cH\u00fcgeldorf\u201d geht es weiter nach S\u00fcden auf der Via del Chiantigiana durch eine sehr sch\u00f6ne Landschaft und oberhalb von Siena bald nach rechts und nach Norden auf der Via di Castelli bis nach Radda. Dort hat dann die Kurbel am Lenkrad erst mal Pause. Nach einem weiteren Rundgang geht es weiter auf und ab und in vielen Kurven nach Greve, dem eigentlichen Hauptziel des heutigen Tages. Dort auf einem H\u00fcgel liegt das Castello Montefioralle und in der dortigen Trattoria soll man, mit dem besten Ausblick im Chianti, das beste Essen in der Gegend bekommen. Da wir keine \u00d6ffnungszeiten finden, fahren wir gegen 18:30h zum Castello hoch und schauen mal nach. Ab 19:30 ist ge\u00f6ffnet, steht da. Also wieder runter und noch ne Runde durch die Gegend und noch ne Runde durch Greve und wieder rauf. Dort steht dann pl\u00f6tzlich an der T\u00fcr \u2026 heute leider zu, da indisponiert?? Ich glaub das alles nicht. Alles nix mit tollem Essen und Ausblick in der Abendsonne. Wieder runter nach Greve und dort am Platz gibt es ein solides Abendessen \u2026 ohne Ausblick <img decoding=\"async\" class=\"wlEmoticon wlEmoticon-smile\" style=\"border-style: none;\" src=\"http:\/\/myblog.foentrich.de\/wp-content\/uploads\/2012\/05\/wlEmoticon-smile4.png\" alt=\"Smiley\" \/>. Inzwischen ist es richtig dunkel. Der Heimweg soll eigentlich \u00fcber eine kleine Nebenstra\u00dfe Richtung Autobahn f\u00fchren. Doch nach einigem \u201cGekurbel\u201d und Hasen und Rehen in der Nacht auf der Stra\u00dfe, wird mir die Strecke doch zu heikel, weil nicht beschildert. Also eine Abzweigung auf eine bekannte aber kurvenreiche Route genommen und nach l\u00e4ngerer Fahrt erreichen wir m\u00fcde unser Zimmer.<\/p>\n<p><a href=\"http:\/\/myblog.foentrich.de\/wp-content\/uploads\/2012\/05\/IMG_3110.jpg\"><img loading=\"lazy\" decoding=\"async\" style=\"background-image: none; padding-left: 0px; padding-right: 0px; display: inline; padding-top: 0px; border: 0px;\" title=\"IMG_3110\" src=\"http:\/\/myblog.foentrich.de\/wp-content\/uploads\/2012\/05\/IMG_3110_thumb.jpg\" border=\"0\" alt=\"IMG_3110\" width=\"631\" height=\"474\" \/><\/a><\/p>\n<p><a href=\"http:\/\/myblog.foentrich.de\/wp-content\/uploads\/2012\/05\/IMG_3125.jpg\"><img loading=\"lazy\" decoding=\"async\" style=\"background-image: none; padding-left: 0px; padding-right: 0px; display: inline; padding-top: 0px; border: 0px;\" title=\"IMG_3125\" src=\"http:\/\/myblog.foentrich.de\/wp-content\/uploads\/2012\/05\/IMG_3125_thumb.jpg\" border=\"0\" alt=\"IMG_3125\" width=\"632\" height=\"475\" \/><\/a><\/p>\n<p><a href=\"http:\/\/myblog.foentrich.de\/wp-content\/uploads\/2012\/05\/IMG_3135.jpg\"><img loading=\"lazy\" decoding=\"async\" style=\"background-image: none; padding-left: 0px; padding-right: 0px; display: inline; padding-top: 0px; border: 0px;\" title=\"IMG_3135\" src=\"http:\/\/myblog.foentrich.de\/wp-content\/uploads\/2012\/05\/IMG_3135_thumb.jpg\" border=\"0\" alt=\"IMG_3135\" width=\"637\" height=\"478\" \/><\/a><\/p>\n<p><a href=\"http:\/\/myblog.foentrich.de\/wp-content\/uploads\/2012\/05\/IMG_3147.jpg\"><img loading=\"lazy\" decoding=\"async\" style=\"background-image: none; padding-left: 0px; padding-right: 0px; display: inline; padding-top: 0px; border: 0px;\" title=\"IMG_3147\" src=\"http:\/\/myblog.foentrich.de\/wp-content\/uploads\/2012\/05\/IMG_3147_thumb.jpg\" border=\"0\" alt=\"IMG_3147\" width=\"640\" height=\"481\" \/><\/a><\/p>\n<p><a href=\"http:\/\/myblog.foentrich.de\/wp-content\/uploads\/2012\/05\/IMG_3159.jpg\"><img loading=\"lazy\" decoding=\"async\" style=\"background-image: none; padding-left: 0px; padding-right: 0px; display: inline; padding-top: 0px; border: 0px;\" title=\"IMG_3159\" src=\"http:\/\/myblog.foentrich.de\/wp-content\/uploads\/2012\/05\/IMG_3159_thumb.jpg\" border=\"0\" alt=\"IMG_3159\" width=\"639\" height=\"480\" \/><\/a><\/p>\n<p><a href=\"http:\/\/myblog.foentrich.de\/wp-content\/uploads\/2012\/05\/IMG_3164.jpg\"><img loading=\"lazy\" decoding=\"async\" style=\"background-image: none; padding-left: 0px; padding-right: 0px; display: inline; padding-top: 0px; border: 0px;\" title=\"IMG_3164\" src=\"http:\/\/myblog.foentrich.de\/wp-content\/uploads\/2012\/05\/IMG_3164_thumb.jpg\" border=\"0\" alt=\"IMG_3164\" width=\"640\" height=\"481\" \/><\/a><\/p>\n<p><a href=\"http:\/\/myblog.foentrich.de\/wp-content\/uploads\/2012\/05\/IMG_3167.jpg\"><img loading=\"lazy\" decoding=\"async\" style=\"background-image: none; padding-left: 0px; padding-right: 0px; display: inline; padding-top: 0px; border: 0px;\" title=\"IMG_3167\" src=\"http:\/\/myblog.foentrich.de\/wp-content\/uploads\/2012\/05\/IMG_3167_thumb.jpg\" border=\"0\" alt=\"IMG_3167\" width=\"643\" height=\"483\" \/><\/a><\/p>\n<p><a href=\"http:\/\/myblog.foentrich.de\/wp-content\/uploads\/2012\/05\/IMG_3176.jpg\"><img loading=\"lazy\" decoding=\"async\" style=\"background-image: none; padding-left: 0px; padding-right: 0px; display: inline; padding-top: 0px; border: 0px;\" title=\"IMG_3176\" src=\"http:\/\/myblog.foentrich.de\/wp-content\/uploads\/2012\/05\/IMG_3176_thumb.jpg\" border=\"0\" alt=\"IMG_3176\" width=\"644\" height=\"484\" \/><\/a><\/p>\n","protected":false},"excerpt":{"rendered":"<p>Heute mal fr\u00fch raus. Geplant ist ein intensiver Streifzug durch den Chianti, das Land mit dem Gallo Nero. Erster Anlaufpunkt ist Castellina in Chianti. Dort kauf ich f\u00fcr 1\u20ac eine Karte vom Chianti, wo scheinbar jedes Weingut mit Reputation eingetragen ist. Auch die kleinen Stra\u00dfen sind eingetragen. Nach einem Rundgang durch das \u201cH\u00fcgeldorf\u201d geht es &hellip; <a href=\"http:\/\/myblog.foentrich.de\/?p=711\" class=\"more-link\"><span class=\"screen-reader-text\">Tag 11 &ndash; Over the hills and far away &hellip;<\/span> weiterlesen <span class=\"meta-nav\">&rarr;<\/span><\/a><\/p>\n","protected":false},"author":1,"featured_media":0,"comment_status":"open","ping_status":"open","sticky":false,"template":"","format":"standard","meta":{"footnotes":""},"categories":[4],"tags":[],"class_list":["post-711","post","type-post","status-publish","format-standard","hentry","category-italien"],"_links":{"self":[{"href":"http:\/\/myblog.foentrich.de\/index.php?rest_route=\/wp\/v2\/posts\/711","targetHints":{"allow":["GET"]}}],"collection":[{"href":"http:\/\/myblog.foentrich.de\/index.php?rest_route=\/wp\/v2\/posts"}],"about":[{"href":"http:\/\/myblog.foentrich.de\/index.php?rest_route=\/wp\/v2\/types\/post"}],"author":[{"embeddable":true,"href":"http:\/\/myblog.foentrich.de\/index.php?rest_route=\/wp\/v2\/users\/1"}],"replies":[{"embeddable":true,"href":"http:\/\/myblog.foentrich.de\/index.php?rest_route=%2Fwp%2Fv2%2Fcomments&post=711"}],"version-history":[{"count":2,"href":"http:\/\/myblog.foentrich.de\/index.php?rest_route=\/wp\/v2\/posts\/711\/revisions"}],"predecessor-version":[{"id":988,"href":"http:\/\/myblog.foentrich.de\/index.php?rest_route=\/wp\/v2\/posts\/711\/revisions\/988"}],"wp:attachment":[{"href":"http:\/\/myblog.foentrich.de\/index.php?rest_route=%2Fwp%2Fv2%2Fmedia&parent=711"}],"wp:term":[{"taxonomy":"category","embeddable":true,"href":"http:\/\/myblog.foentrich.de\/index.php?rest_route=%2Fwp%2Fv2%2Fcategories&post=711"},{"taxonomy":"post_tag","embeddable":true,"href":"http:\/\/myblog.foentrich.de\/index.php?rest_route=%2Fwp%2Fv2%2Ftags&post=711"}],"curies":[{"name":"wp","href":"https:\/\/api.w.org\/{rel}","templated":true}]}}