{"id":611,"date":"2012-05-23T17:30:13","date_gmt":"2012-05-23T17:30:13","guid":{"rendered":"http:\/\/myblog.foentrich.de\/?p=611"},"modified":"2012-08-13T16:44:56","modified_gmt":"2012-08-13T16:44:56","slug":"tag-5-vom-see-zur-stadt-im-meer-venedig-tag1","status":"publish","type":"post","link":"http:\/\/myblog.foentrich.de\/?p=611","title":{"rendered":"Tag 5 &ndash; Vom See zur Stadt im Meer (Venedig Tag1)"},"content":{"rendered":"<p>Wir nehmen unser Fr\u00fchst\u00fcck (als einzige G\u00e4ste) ein, bezahlen und beladen unser Auto im str\u00f6menden Regen. Es ist ja nicht weit bis zur Autobahn und bald sind wir in Verona. Dort nehmen wir die Autobahn nach Venedig. Insgesamt eine Strecke von 140km. Das letzte Teilst\u00fcck zum Parkplatz in Fusina, lassen wir uns vom Navi leiten. Dort haben wir bereits einen Parkplatz gebucht. Nebenan geht die F\u00e4hre nach Venedig, die wir 5 Min. vor Abfahrt noch erreichen. In leichtem Regen setzen wir in einer 1\/2 Stunde \u00fcber und erreichen den Anleger Zattere im Stadtteil Dorsoduro. Wir ziehen\u00a0 unsere Koffer durch Venedig Richtung Hotel San Samuele. Dazwischen liegt noch die Ponte dell&#8217;Accademia, eine (mit Koffern) steile Br\u00fccke \u00fcber den Canale Grande. Die Arme werden lang und l\u00e4nger. Am Campo Santo Stephano geht es aber weiterziehend zum Hotel. Geschafft \u2026 nein \u2026 die Koffer m\u00fcssen noch in den 2. Stock zur Rezeption. Dort bekommen wir den Schl\u00fcssel f\u00fcr Zimmer 9 im 1. Stock. Also Koffer wieder runter. Insgesamt ist das Hotel mindestens so alt wie Venedig selber, aber das Zimmer ist \u201cnovo\u201d wie uns die Concierge versichert. Da sind wir also, mitten drin in einer authentischen Umgebung und einem freundlichen Hotel mit sauberen Zimmern.<br \/>\nDie Zimmert\u00fcr\u00a0 ist der Gag hoch 3. Sieht aus, als ob man eine doppelfl\u00fcgelige Schrankt\u00fcr aufmacht. Hatte ich auch noch nicht.<br \/>\nNach dem \u201cEinzug\u201d starten wir den ersten Rundgang durch San Marco. Es regnet feste. Wir haben ja unsere Schirme dabei und wandern durch die wunderbare alte Stadt. Trotz dem nunmehr starken Regen hat das alles immer noch eine einzigartige Atmosph\u00e4re. Am besten hat uns immer iweder das \u00fcberwiegend asiatische Touri-Volk gefallen. Die fahren selbst im str\u00f6menden Regen Gondola und lauschen dem Klang von O Sole Mio. \u00dcber viele Stationen erreichen wir schlie\u00dflich den Campanile. Dort w\u00e4lzt sich der Touri-Orkan durch den Regen. Wir haben f\u00fcr heute genug und tippeln Richtung Hotel. Nebenan gibt es dann in einer Trattoria ein sch\u00f6nes, aber leider teures Abendessen.<br \/>\nMorgen soll es ja trocken bleiben. Wir wollen fr\u00fch los.<\/p>\n<p><a href=\"http:\/\/myblog.foentrich.de\/wp-content\/uploads\/2012\/05\/IMG_2364.jpg\"><img loading=\"lazy\" decoding=\"async\" style=\"background-image: none; padding-left: 0px; padding-right: 0px; display: inline; padding-top: 0px; border-width: 0px;\" title=\"IMG_2364\" src=\"http:\/\/myblog.foentrich.de\/wp-content\/uploads\/2012\/05\/IMG_2364_thumb.jpg\" border=\"0\" alt=\"IMG_2364\" width=\"416\" height=\"553\" \/><\/a><\/p>\n<p><a href=\"http:\/\/myblog.foentrich.de\/wp-content\/uploads\/2012\/05\/IMG_2401.jpg\"><img loading=\"lazy\" decoding=\"async\" style=\"background-image: none; padding-left: 0px; padding-right: 0px; display: inline; padding-top: 0px; border-width: 0px;\" title=\"IMG_2401\" src=\"http:\/\/myblog.foentrich.de\/wp-content\/uploads\/2012\/05\/IMG_2401_thumb.jpg\" border=\"0\" alt=\"IMG_2401\" width=\"556\" height=\"418\" \/><\/a><\/p>\n<p><a href=\"http:\/\/myblog.foentrich.de\/wp-content\/uploads\/2012\/05\/IMG_2386.jpg\"><img loading=\"lazy\" decoding=\"async\" style=\"background-image: none; padding-left: 0px; padding-right: 0px; display: inline; padding-top: 0px; border-width: 0px;\" title=\"IMG_2386\" src=\"http:\/\/myblog.foentrich.de\/wp-content\/uploads\/2012\/05\/IMG_2386_thumb.jpg\" border=\"0\" alt=\"IMG_2386\" width=\"559\" height=\"420\" \/><\/a><\/p>\n<p><a href=\"http:\/\/myblog.foentrich.de\/wp-content\/uploads\/2012\/05\/IMG_2375.jpg\"><img loading=\"lazy\" decoding=\"async\" style=\"background-image: none; padding-left: 0px; padding-right: 0px; display: inline; padding-top: 0px; border-width: 0px;\" title=\"IMG_2375\" src=\"http:\/\/myblog.foentrich.de\/wp-content\/uploads\/2012\/05\/IMG_2375_thumb.jpg\" border=\"0\" alt=\"IMG_2375\" width=\"562\" height=\"423\" \/><\/a><\/p>\n<p><a href=\"http:\/\/myblog.foentrich.de\/wp-content\/uploads\/2012\/05\/IMG_2448.jpg\"><img loading=\"lazy\" decoding=\"async\" style=\"background-image: none; padding-left: 0px; padding-right: 0px; display: inline; padding-top: 0px; border-width: 0px;\" title=\"IMG_2448\" src=\"http:\/\/myblog.foentrich.de\/wp-content\/uploads\/2012\/05\/IMG_2448_thumb.jpg\" border=\"0\" alt=\"IMG_2448\" width=\"564\" height=\"424\" \/><\/a><\/p>\n","protected":false},"excerpt":{"rendered":"<p>Wir nehmen unser Fr\u00fchst\u00fcck (als einzige G\u00e4ste) ein, bezahlen und beladen unser Auto im str\u00f6menden Regen. Es ist ja nicht weit bis zur Autobahn und bald sind wir in Verona. Dort nehmen wir die Autobahn nach Venedig. Insgesamt eine Strecke von 140km. Das letzte Teilst\u00fcck zum Parkplatz in Fusina, lassen wir uns vom Navi leiten. &hellip; <a href=\"http:\/\/myblog.foentrich.de\/?p=611\" class=\"more-link\"><span class=\"screen-reader-text\">Tag 5 &ndash; Vom See zur Stadt im Meer (Venedig Tag1)<\/span> weiterlesen <span class=\"meta-nav\">&rarr;<\/span><\/a><\/p>\n","protected":false},"author":1,"featured_media":0,"comment_status":"open","ping_status":"open","sticky":false,"template":"","format":"standard","meta":{"footnotes":""},"categories":[4],"tags":[],"class_list":["post-611","post","type-post","status-publish","format-standard","hentry","category-italien"],"_links":{"self":[{"href":"http:\/\/myblog.foentrich.de\/index.php?rest_route=\/wp\/v2\/posts\/611","targetHints":{"allow":["GET"]}}],"collection":[{"href":"http:\/\/myblog.foentrich.de\/index.php?rest_route=\/wp\/v2\/posts"}],"about":[{"href":"http:\/\/myblog.foentrich.de\/index.php?rest_route=\/wp\/v2\/types\/post"}],"author":[{"embeddable":true,"href":"http:\/\/myblog.foentrich.de\/index.php?rest_route=\/wp\/v2\/users\/1"}],"replies":[{"embeddable":true,"href":"http:\/\/myblog.foentrich.de\/index.php?rest_route=%2Fwp%2Fv2%2Fcomments&post=611"}],"version-history":[{"count":3,"href":"http:\/\/myblog.foentrich.de\/index.php?rest_route=\/wp\/v2\/posts\/611\/revisions"}],"predecessor-version":[{"id":976,"href":"http:\/\/myblog.foentrich.de\/index.php?rest_route=\/wp\/v2\/posts\/611\/revisions\/976"}],"wp:attachment":[{"href":"http:\/\/myblog.foentrich.de\/index.php?rest_route=%2Fwp%2Fv2%2Fmedia&parent=611"}],"wp:term":[{"taxonomy":"category","embeddable":true,"href":"http:\/\/myblog.foentrich.de\/index.php?rest_route=%2Fwp%2Fv2%2Fcategories&post=611"},{"taxonomy":"post_tag","embeddable":true,"href":"http:\/\/myblog.foentrich.de\/index.php?rest_route=%2Fwp%2Fv2%2Ftags&post=611"}],"curies":[{"name":"wp","href":"https:\/\/api.w.org\/{rel}","templated":true}]}}