{"id":578,"date":"2012-05-20T19:09:48","date_gmt":"2012-05-20T19:09:48","guid":{"rendered":"http:\/\/myblog.foentrich.de\/?p=578"},"modified":"2013-10-02T12:27:32","modified_gmt":"2013-10-02T12:27:32","slug":"tag-4-gardasee-mit-sonne-und-regen","status":"publish","type":"post","link":"http:\/\/myblog.foentrich.de\/?p=578","title":{"rendered":"Tag 4 &ndash; Gardasee mit Sonne und Regen"},"content":{"rendered":"<p>Nach einem bodenst\u00e4ndigen Fr\u00fchst\u00fcck machen wir uns auf den Weg nach Lazise.<br \/>\nUnten am See ist es diesig auf dem Wasser. Im Ort scheint noch die Sonne. Der Wetterbericht sagt jedoch f\u00fcr heute Regen an. Wir schlendern durch den Ort, der voll mit seinen Touris besch\u00e4ftigt ist. Insgesamt macht Lazise aber einen urbaneren Eindruck, als Bardolino. Es ist eine merkw\u00fcrdige Mischung zwischen mediterranem Ambiente und Kitsch. Trotzdem sch\u00f6n. Nach dem Rundgang wollen wir uns noch Sirmione anschauen.<br \/>\nDort angekommen, regnet es mittlerweile heftig. Wir geben jedoch nicht auf, nehmen unsere Parapl\u00fcs und tippeln durch den alten Ort. Vorbei an alten Gem\u00e4uern, Gesch\u00e4ften, Gelaterias, noch mehr Gelaterias und Hotels aus alten Zeiten. Sp\u00e4ter st\u00e4rken wir uns in einem Restaurant und gehen weiter durch den Regen zur\u00fcck zum Parkplatz.<br \/>\nAuf dem R\u00fcckweg kaufen wir noch einen Limonicelli (damit gibt es dann zu Hause irgendwann ein leckeres Eis) und machen noch einen Abstecher nach Garda. Dort ist es dann wieder einmal anders. Der Ort hat eine sch\u00f6ne Promenade, die aber im Regen auch keine Stimmung aufkommen l\u00e4sst. Letztlich fahren wir wieder zu unserem kleinen Hotel und bereiten unsere weitere Reise vor. Im Internet lesen wir von dem schweren Erdbeben in der Gegend von Ferrara. Heidi hatte in der Nacht zuvor wohl dieses Beben deutlich gesp\u00fcrt. Ich hab nix mitbekommen. Heute um 15h soll es ein Nachbeben gegeben haben. Dies hat man an unserem Ort nicht wahrnehmen k\u00f6nnen. Unsere weiteren Ziele liegen alle ca. 100km von dem Ort Ferrara entfernt. So hoffen wir denn, das uns damit kein Problem entsteht. Ich werde jedenfalls ein Auge auf die Nachrichten halten. Wie sagt man bei uns doch \u2026 et h\u00e4tt doch noch immer joot jejange<\/p>\n<p><a href=\"http:\/\/myblog.foentrich.de\/wp-content\/uploads\/2012\/05\/IMG_2324.jpg\"><img loading=\"lazy\" decoding=\"async\" style=\"background-image: none; padding-left: 0px; padding-right: 0px; display: inline; padding-top: 0px; border: 0px;\" title=\"IMG_2324\" src=\"http:\/\/myblog.foentrich.de\/wp-content\/uploads\/2012\/05\/IMG_2324_thumb.jpg\" border=\"0\" alt=\"IMG_2324\" width=\"563\" height=\"424\" \/><\/a><\/p>\n<p><a href=\"http:\/\/myblog.foentrich.de\/wp-content\/uploads\/2012\/05\/IMG_2291.jpg\"><img loading=\"lazy\" decoding=\"async\" style=\"background-image: none; padding-left: 0px; padding-right: 0px; display: inline; padding-top: 0px; border: 0px;\" title=\"IMG_2291\" src=\"http:\/\/myblog.foentrich.de\/wp-content\/uploads\/2012\/05\/IMG_2291_thumb.jpg\" border=\"0\" alt=\"IMG_2291\" width=\"565\" height=\"425\" \/><\/a><\/p>\n<p><a href=\"http:\/\/myblog.foentrich.de\/wp-content\/uploads\/2012\/05\/IMG_2307.jpg\"><img loading=\"lazy\" decoding=\"async\" style=\"background-image: none; padding-left: 0px; padding-right: 0px; display: inline; padding-top: 0px; border: 0px;\" title=\"IMG_2307\" src=\"http:\/\/myblog.foentrich.de\/wp-content\/uploads\/2012\/05\/IMG_2307_thumb.jpg\" border=\"0\" alt=\"IMG_2307\" width=\"569\" height=\"428\" \/><\/a><\/p>\n<p><a href=\"http:\/\/myblog.foentrich.de\/wp-content\/uploads\/2012\/05\/IMG_2326.jpg\"><img loading=\"lazy\" decoding=\"async\" style=\"background-image: none; padding-left: 0px; padding-right: 0px; display: inline; padding-top: 0px; border: 0px;\" title=\"IMG_2326\" src=\"http:\/\/myblog.foentrich.de\/wp-content\/uploads\/2012\/05\/IMG_2326_thumb.jpg\" border=\"0\" alt=\"IMG_2326\" width=\"571\" height=\"429\" \/><\/a><\/p>\n<p><a href=\"http:\/\/myblog.foentrich.de\/wp-content\/uploads\/2012\/05\/IMG_2335.jpg\"><img loading=\"lazy\" decoding=\"async\" style=\"background-image: none; padding-left: 0px; padding-right: 0px; display: inline; padding-top: 0px; border: 0px;\" title=\"IMG_2335\" src=\"http:\/\/myblog.foentrich.de\/wp-content\/uploads\/2012\/05\/IMG_2335_thumb.jpg\" border=\"0\" alt=\"IMG_2335\" width=\"572\" height=\"430\" \/><\/a><\/p>\n<p><a href=\"http:\/\/myblog.foentrich.de\/wp-content\/uploads\/2012\/05\/IMG_2342.jpg\"><img loading=\"lazy\" decoding=\"async\" style=\"background-image: none; padding-left: 0px; padding-right: 0px; display: inline; padding-top: 0px; border: 0px;\" title=\"IMG_2342\" src=\"http:\/\/myblog.foentrich.de\/wp-content\/uploads\/2012\/05\/IMG_2342_thumb.jpg\" border=\"0\" alt=\"IMG_2342\" width=\"572\" height=\"430\" \/><\/a><\/p>\n","protected":false},"excerpt":{"rendered":"<p>Nach einem bodenst\u00e4ndigen Fr\u00fchst\u00fcck machen wir uns auf den Weg nach Lazise. Unten am See ist es diesig auf dem Wasser. Im Ort scheint noch die Sonne. Der Wetterbericht sagt jedoch f\u00fcr heute Regen an. Wir schlendern durch den Ort, der voll mit seinen Touris besch\u00e4ftigt ist. Insgesamt macht Lazise aber einen urbaneren Eindruck, als &hellip; <a href=\"http:\/\/myblog.foentrich.de\/?p=578\" class=\"more-link\"><span class=\"screen-reader-text\">Tag 4 &ndash; Gardasee mit Sonne und Regen<\/span> weiterlesen <span class=\"meta-nav\">&rarr;<\/span><\/a><\/p>\n","protected":false},"author":1,"featured_media":0,"comment_status":"open","ping_status":"open","sticky":false,"template":"","format":"standard","meta":{"footnotes":""},"categories":[4],"tags":[],"class_list":["post-578","post","type-post","status-publish","format-standard","hentry","category-italien"],"_links":{"self":[{"href":"http:\/\/myblog.foentrich.de\/index.php?rest_route=\/wp\/v2\/posts\/578","targetHints":{"allow":["GET"]}}],"collection":[{"href":"http:\/\/myblog.foentrich.de\/index.php?rest_route=\/wp\/v2\/posts"}],"about":[{"href":"http:\/\/myblog.foentrich.de\/index.php?rest_route=\/wp\/v2\/types\/post"}],"author":[{"embeddable":true,"href":"http:\/\/myblog.foentrich.de\/index.php?rest_route=\/wp\/v2\/users\/1"}],"replies":[{"embeddable":true,"href":"http:\/\/myblog.foentrich.de\/index.php?rest_route=%2Fwp%2Fv2%2Fcomments&post=578"}],"version-history":[{"count":5,"href":"http:\/\/myblog.foentrich.de\/index.php?rest_route=\/wp\/v2\/posts\/578\/revisions"}],"predecessor-version":[{"id":2777,"href":"http:\/\/myblog.foentrich.de\/index.php?rest_route=\/wp\/v2\/posts\/578\/revisions\/2777"}],"wp:attachment":[{"href":"http:\/\/myblog.foentrich.de\/index.php?rest_route=%2Fwp%2Fv2%2Fmedia&parent=578"}],"wp:term":[{"taxonomy":"category","embeddable":true,"href":"http:\/\/myblog.foentrich.de\/index.php?rest_route=%2Fwp%2Fv2%2Fcategories&post=578"},{"taxonomy":"post_tag","embeddable":true,"href":"http:\/\/myblog.foentrich.de\/index.php?rest_route=%2Fwp%2Fv2%2Ftags&post=578"}],"curies":[{"name":"wp","href":"https:\/\/api.w.org\/{rel}","templated":true}]}}