{"id":551,"date":"2012-05-18T19:18:00","date_gmt":"2012-05-18T19:18:00","guid":{"rendered":"http:\/\/myblog.foentrich.de\/?p=551"},"modified":"2012-08-13T16:28:15","modified_gmt":"2012-08-13T16:28:15","slug":"auf-dem-weg-in-den-sden-oder-sonne-mit-schnee","status":"publish","type":"post","link":"http:\/\/myblog.foentrich.de\/?p=551","title":{"rendered":"Tag 1+2 &#8211; Auf dem Weg in den S&uuml;den oder Sonne mit Schnee"},"content":{"rendered":"<p>Nun geht es aber los. Morgens um 5 starten wir \u00fcber eine menschenleere Autobahn in Richtung Italien. Tagesziel f\u00fcr heute ist Leutasch in Tirol. Das sind grob 700km. Das reicht f\u00fcr einen Tag. Wir sind ja nicht auf der Flucht. Das Wetter ist top und die Stra\u00dfe ist frei. So etwas hat man nicht alle Tage. Wir erreichen\u00a0 gegen Mittag Reutte in Tirol, kaufen eine Vignette und fahren durch eine sch\u00f6ne Landschaft in Richtung Seefeld. Nach einem kleinen \u201cIrrl\u00e4ufer\u201d in Telfs finden wir dann auch unser Leutasch und kommen nach Weidach. Dort wollte ich\u00a0 mal eben unser Quartier f\u00fcr heute anlaufen. Ich kenn mich ja hier aus. Aber \u2026 da, wo ich dachte, ist es nicht. Nach fragen und nochmal fragen finden wir es dann. Unser Hotel ist einfach, aber sauber und der Inhaber freundlich. Was will man mehr.\u00a0 So habe ich es hier schon oft erlebt. Im ganzen Tal liegt noch Schnee. Die Stra\u00dfen sind aber frei. Es war mal eben kalt geworden, so Mitte Mai. Die Leute hier wundert es nicht. Nach dem \u201cBoarding\u201d wollen wir etwas essen gehen und wandern nach Kirchplatzl zum K\u00fchtaier Hof. Doch da gibt es erst etwas um 6h. Also nebenan ins Birkegg rein. Dort sitzen nur die Inhaber qualmend im Gastraum. Mich ergreift sofort der Fluchtgedanke. Wir essen dennoch dort und sind letztlich zufrieden.<\/p>\n<p>M\u00fcde wandern wir ins Hotel und sind um 9h im Bett. Wir schlafen gut und lange. Ja, die Bergluft. Am anderen Morgen gibt es ein umfangreiches Fr\u00fchst\u00fcck nur f\u00fcr uns, denn wir sind die einzigen G\u00e4ste. Auf Rat unseres Gastgebers machen wir uns auf den Weg zur Geisterklamm (ehemals Leutaschklamm) und finden uns auf einem tollen Pfad mitten in der Klamm wieder. Und das Beste ist \u2026 es kostet nix. Anschlie\u00dfend fahren wir runter nach Mittenwald und finden uns zwischen allem Kitsch und Klischee wieder. Hier hat sich aber nix ver\u00e4ndert. Wir finden ein Eiscaf\u00e9 und anschlie\u00dfend schnell den Weg hoch ins Tal zur\u00fcck. Nach einem Abstecher ins Gaistal parken wir\u00a0 unser Auto am Hotel und wandern zum Abendessen nach Gasse zum Naturwirt. (Fr\u00fcher hie\u00df das hier Monika)<br \/>\nDas Essen war erste Sahne. Der Wein auch. Satt trappeln wir Richtung Nachtlager. Morgen geht es weiter nach Affi \u2026 nee nicht Affen gucken. So hei\u00dft der Ort am Gardasee.<\/p>\n<p><a href=\"http:\/\/myblog.foentrich.de\/wp-content\/uploads\/2012\/05\/IMG_2221.jpg\"><img loading=\"lazy\" decoding=\"async\" style=\"background-image: none; padding-left: 0px; padding-right: 0px; display: inline; padding-top: 0px; border-width: 0px;\" title=\"IMG_2221\" src=\"http:\/\/myblog.foentrich.de\/wp-content\/uploads\/2012\/05\/IMG_2221_thumb.jpg\" border=\"0\" alt=\"IMG_2221\" width=\"451\" height=\"339\" \/><\/a><\/p>\n<p><a href=\"http:\/\/myblog.foentrich.de\/wp-content\/uploads\/2012\/05\/IMG_2114.jpg\"><img loading=\"lazy\" decoding=\"async\" style=\"background-image: none; padding-left: 0px; padding-right: 0px; display: inline; padding-top: 0px; border-width: 0px;\" title=\"IMG_2114\" src=\"http:\/\/myblog.foentrich.de\/wp-content\/uploads\/2012\/05\/IMG_2114_thumb.jpg\" border=\"0\" alt=\"IMG_2114\" width=\"452\" height=\"340\" \/><\/a><\/p>\n<p><a href=\"http:\/\/myblog.foentrich.de\/wp-content\/uploads\/2012\/05\/IMG_2126.jpg\"><img loading=\"lazy\" decoding=\"async\" style=\"background-image: none; padding-left: 0px; padding-right: 0px; display: inline; padding-top: 0px; border-width: 0px;\" title=\"IMG_2126\" src=\"http:\/\/myblog.foentrich.de\/wp-content\/uploads\/2012\/05\/IMG_2126_thumb.jpg\" border=\"0\" alt=\"IMG_2126\" width=\"454\" height=\"342\" \/><\/a><\/p>\n<p><a href=\"http:\/\/myblog.foentrich.de\/wp-content\/uploads\/2012\/05\/IMG_2146.jpg\"><img loading=\"lazy\" decoding=\"async\" style=\"background-image: none; padding-left: 0px; padding-right: 0px; display: inline; padding-top: 0px; border-width: 0px;\" title=\"IMG_2146\" src=\"http:\/\/myblog.foentrich.de\/wp-content\/uploads\/2012\/05\/IMG_2146_thumb.jpg\" border=\"0\" alt=\"IMG_2146\" width=\"455\" height=\"342\" \/><\/a><\/p>\n<p><a href=\"http:\/\/myblog.foentrich.de\/wp-content\/uploads\/2012\/05\/IMG_2196.jpg\"><img loading=\"lazy\" decoding=\"async\" style=\"background-image: none; padding-left: 0px; padding-right: 0px; display: inline; padding-top: 0px; border-width: 0px;\" title=\"IMG_2196\" src=\"http:\/\/myblog.foentrich.de\/wp-content\/uploads\/2012\/05\/IMG_2196_thumb.jpg\" border=\"0\" alt=\"IMG_2196\" width=\"458\" height=\"344\" \/><\/a><\/p>\n<p><a href=\"http:\/\/myblog.foentrich.de\/wp-content\/uploads\/2012\/05\/IMG_2191.jpg\"><img loading=\"lazy\" decoding=\"async\" style=\"background-image: none; padding-left: 0px; padding-right: 0px; display: inline; padding-top: 0px; border-width: 0px;\" title=\"IMG_2191\" src=\"http:\/\/myblog.foentrich.de\/wp-content\/uploads\/2012\/05\/IMG_2191_thumb.jpg\" border=\"0\" alt=\"IMG_2191\" width=\"464\" height=\"349\" \/><\/a><\/p>\n","protected":false},"excerpt":{"rendered":"<p>Nun geht es aber los. Morgens um 5 starten wir \u00fcber eine menschenleere Autobahn in Richtung Italien. Tagesziel f\u00fcr heute ist Leutasch in Tirol. Das sind grob 700km. Das reicht f\u00fcr einen Tag. Wir sind ja nicht auf der Flucht. Das Wetter ist top und die Stra\u00dfe ist frei. So etwas hat man nicht alle &hellip; <a href=\"http:\/\/myblog.foentrich.de\/?p=551\" class=\"more-link\"><span class=\"screen-reader-text\">Tag 1+2 &#8211; Auf dem Weg in den S&uuml;den oder Sonne mit Schnee<\/span> weiterlesen <span class=\"meta-nav\">&rarr;<\/span><\/a><\/p>\n","protected":false},"author":1,"featured_media":0,"comment_status":"open","ping_status":"open","sticky":false,"template":"","format":"standard","meta":{"footnotes":""},"categories":[4],"tags":[],"class_list":["post-551","post","type-post","status-publish","format-standard","hentry","category-italien"],"_links":{"self":[{"href":"http:\/\/myblog.foentrich.de\/index.php?rest_route=\/wp\/v2\/posts\/551","targetHints":{"allow":["GET"]}}],"collection":[{"href":"http:\/\/myblog.foentrich.de\/index.php?rest_route=\/wp\/v2\/posts"}],"about":[{"href":"http:\/\/myblog.foentrich.de\/index.php?rest_route=\/wp\/v2\/types\/post"}],"author":[{"embeddable":true,"href":"http:\/\/myblog.foentrich.de\/index.php?rest_route=\/wp\/v2\/users\/1"}],"replies":[{"embeddable":true,"href":"http:\/\/myblog.foentrich.de\/index.php?rest_route=%2Fwp%2Fv2%2Fcomments&post=551"}],"version-history":[{"count":5,"href":"http:\/\/myblog.foentrich.de\/index.php?rest_route=\/wp\/v2\/posts\/551\/revisions"}],"predecessor-version":[{"id":969,"href":"http:\/\/myblog.foentrich.de\/index.php?rest_route=\/wp\/v2\/posts\/551\/revisions\/969"}],"wp:attachment":[{"href":"http:\/\/myblog.foentrich.de\/index.php?rest_route=%2Fwp%2Fv2%2Fmedia&parent=551"}],"wp:term":[{"taxonomy":"category","embeddable":true,"href":"http:\/\/myblog.foentrich.de\/index.php?rest_route=%2Fwp%2Fv2%2Fcategories&post=551"},{"taxonomy":"post_tag","embeddable":true,"href":"http:\/\/myblog.foentrich.de\/index.php?rest_route=%2Fwp%2Fv2%2Ftags&post=551"}],"curies":[{"name":"wp","href":"https:\/\/api.w.org\/{rel}","templated":true}]}}