{"id":1987,"date":"2013-03-27T19:49:35","date_gmt":"2013-03-27T19:49:35","guid":{"rendered":"http:\/\/myblog.foentrich.de\/?p=1987"},"modified":"2013-05-10T20:54:17","modified_gmt":"2013-05-10T20:54:17","slug":"tag-5-laguna-grande-und-hermigua","status":"publish","type":"post","link":"http:\/\/myblog.foentrich.de\/?p=1987","title":{"rendered":"Tag 5 &#8211; Laguna Grande und Hermigua"},"content":{"rendered":"<p>Heute wollen wir in den Norden der Insel. Auf dem Weg rauf zur Mitte, machen wir am Mirador C\u00e9sar Manrique halt. Die Aussichtsplattform und das Restaurant liegen spektakul\u00e4r \u00fcber dem Hang, mit weitem Blick ins Valle.<br \/>\nIm Inselzentrum besuchen wir noch schnell die Laguna Grande. Hier sieht man, auf einem kleinen Rundweg, den typischen Urwald.<br \/>\nEinige Touribusse kommen und wir machen uns flott vom Acker.<br \/>\nWeiter nach Norden, wieder runter, wieder hunderte Kurven nach Hermigua.<br \/>\nDer Ort liegt in einem imposanten Barranco. Das \u00f6rtliche Museum wird von Busstouris belagert und bietet scheinbar auch nur &#8222;g\u00fcnstige&#8220; Kaufgelegenheiten. Bruche mer nit, fott domit.<br \/>\nWeiter unten finden wir dann einen Faro ohne Leuchtturm. Eben ein nettes Restaurant, wieder mal Germanisch. Heidi liest im Reisef\u00fchrer, 24% Deutsche leben auf Gomera.<br \/>\nWen wundert es.<br \/>\nNach einem Drink auf dem Rooftop, geht es weiter nach Las Rosas. Hier waren wir schon mal speisen. Heute gibt es Gegrilltes. Irgendwie war es beim letzten Mal besser.<br \/>\nWir machen uns auf den Heimweg, oh Wunder, durch die Wolken und Nebel, zur\u00fcck ins Valle.<br \/>\nDort unten scheint die Sonne \ud83d\ude42<\/p>\n<p><a href=\"http:\/\/myblog.foentrich.de\/wp-content\/uploads\/2013\/03\/20130327-205408.jpg\"><img decoding=\"async\" src=\"http:\/\/myblog.foentrich.de\/wp-content\/uploads\/2013\/03\/20130327-205408.jpg\" alt=\"20130327-205408.jpg\" class=\"alignnone size-full\" \/><\/a><\/p>\n<p><a href=\"http:\/\/myblog.foentrich.de\/wp-content\/uploads\/2013\/03\/20130327-205459.jpg\"><img decoding=\"async\" src=\"http:\/\/myblog.foentrich.de\/wp-content\/uploads\/2013\/03\/20130327-205459.jpg\" alt=\"20130327-205459.jpg\" class=\"alignnone size-full\" \/><\/a><\/p>\n<p><a href=\"http:\/\/myblog.foentrich.de\/wp-content\/uploads\/2013\/03\/20130327-205623.jpg\"><img decoding=\"async\" src=\"http:\/\/myblog.foentrich.de\/wp-content\/uploads\/2013\/03\/20130327-205623.jpg\" alt=\"20130327-205623.jpg\" class=\"alignnone size-full\" \/><\/a><\/p>\n<p><a href=\"http:\/\/myblog.foentrich.de\/wp-content\/uploads\/2013\/03\/20130327-205703.jpg\"><img decoding=\"async\" src=\"http:\/\/myblog.foentrich.de\/wp-content\/uploads\/2013\/03\/20130327-205703.jpg\" alt=\"20130327-205703.jpg\" class=\"alignnone size-full\" \/><\/a><\/p>\n<p><a href=\"http:\/\/myblog.foentrich.de\/wp-content\/uploads\/2013\/03\/20130327-205745.jpg\"><img decoding=\"async\" src=\"http:\/\/myblog.foentrich.de\/wp-content\/uploads\/2013\/03\/20130327-205745.jpg\" alt=\"20130327-205745.jpg\" class=\"alignnone size-full\" \/><\/a><\/p>\n<p><a href=\"http:\/\/myblog.foentrich.de\/wp-content\/uploads\/2013\/03\/20130327-205845.jpg\"><img decoding=\"async\" src=\"http:\/\/myblog.foentrich.de\/wp-content\/uploads\/2013\/03\/20130327-205845.jpg\" alt=\"20130327-205845.jpg\" class=\"alignnone size-full\" \/><\/a><\/p>\n<p><a href=\"http:\/\/myblog.foentrich.de\/wp-content\/uploads\/2013\/03\/20130327-205900.jpg\"><img decoding=\"async\" src=\"http:\/\/myblog.foentrich.de\/wp-content\/uploads\/2013\/03\/20130327-205900.jpg\" alt=\"20130327-205900.jpg\" class=\"alignnone size-full\" \/><\/a><\/p>\n<p><a href=\"http:\/\/myblog.foentrich.de\/wp-content\/uploads\/2013\/03\/20130327-210003.jpg\"><img decoding=\"async\" src=\"http:\/\/myblog.foentrich.de\/wp-content\/uploads\/2013\/03\/20130327-210003.jpg\" alt=\"20130327-210003.jpg\" class=\"alignnone size-full\" \/><\/a><\/p>\n<p><a href=\"http:\/\/myblog.foentrich.de\/wp-content\/uploads\/2013\/03\/20130327-210052.jpg\"><img decoding=\"async\" src=\"http:\/\/myblog.foentrich.de\/wp-content\/uploads\/2013\/03\/20130327-210052.jpg\" alt=\"20130327-210052.jpg\" class=\"alignnone size-full\" \/><\/a><\/p>\n<p><a href=\"http:\/\/myblog.foentrich.de\/wp-content\/uploads\/2013\/03\/20130327-210113.jpg\"><img decoding=\"async\" src=\"http:\/\/myblog.foentrich.de\/wp-content\/uploads\/2013\/03\/20130327-210113.jpg\" alt=\"20130327-210113.jpg\" class=\"alignnone size-full\" \/><\/a><\/p>\n<p><a href=\"http:\/\/myblog.foentrich.de\/wp-content\/uploads\/2013\/03\/20130327-210134.jpg\"><img decoding=\"async\" src=\"http:\/\/myblog.foentrich.de\/wp-content\/uploads\/2013\/03\/20130327-210134.jpg\" alt=\"20130327-210134.jpg\" class=\"alignnone size-full\" \/><\/a><\/p>\n<p><a href=\"http:\/\/myblog.foentrich.de\/wp-content\/uploads\/2013\/03\/20130327-210153.jpg\"><img decoding=\"async\" src=\"http:\/\/myblog.foentrich.de\/wp-content\/uploads\/2013\/03\/20130327-210153.jpg\" alt=\"20130327-210153.jpg\" class=\"alignnone size-full\" \/><\/a><\/p>\n<p><a href=\"http:\/\/myblog.foentrich.de\/wp-content\/uploads\/2013\/03\/20130327-210214.jpg\"><img decoding=\"async\" src=\"http:\/\/myblog.foentrich.de\/wp-content\/uploads\/2013\/03\/20130327-210214.jpg\" alt=\"20130327-210214.jpg\" class=\"alignnone size-full\" \/><\/a><\/p>\n<p><a href=\"http:\/\/myblog.foentrich.de\/wp-content\/uploads\/2013\/03\/20130327-210245.jpg\"><img decoding=\"async\" src=\"http:\/\/myblog.foentrich.de\/wp-content\/uploads\/2013\/03\/20130327-210245.jpg\" alt=\"20130327-210245.jpg\" class=\"alignnone size-full\" \/><\/a><\/p>\n<p><a href=\"http:\/\/myblog.foentrich.de\/wp-content\/uploads\/2013\/03\/20130327-210256.jpg\"><img decoding=\"async\" src=\"http:\/\/myblog.foentrich.de\/wp-content\/uploads\/2013\/03\/20130327-210256.jpg\" alt=\"20130327-210256.jpg\" class=\"alignnone size-full\" \/><\/a><\/p>\n","protected":false},"excerpt":{"rendered":"<p>Heute wollen wir in den Norden der Insel. Auf dem Weg rauf zur Mitte, machen wir am Mirador C\u00e9sar Manrique halt. Die Aussichtsplattform und das Restaurant liegen spektakul\u00e4r \u00fcber dem Hang, mit weitem Blick ins Valle. Im Inselzentrum besuchen wir noch schnell die Laguna Grande. Hier sieht man, auf einem kleinen Rundweg, den typischen Urwald. &hellip; <a href=\"http:\/\/myblog.foentrich.de\/?p=1987\" class=\"more-link\"><span class=\"screen-reader-text\">Tag 5 &#8211; Laguna Grande und Hermigua<\/span> weiterlesen <span class=\"meta-nav\">&rarr;<\/span><\/a><\/p>\n","protected":false},"author":1,"featured_media":0,"comment_status":"open","ping_status":"open","sticky":false,"template":"","format":"standard","meta":{"footnotes":""},"categories":[6],"tags":[],"class_list":["post-1987","post","type-post","status-publish","format-standard","hentry","category-la-gomera"],"_links":{"self":[{"href":"http:\/\/myblog.foentrich.de\/index.php?rest_route=\/wp\/v2\/posts\/1987","targetHints":{"allow":["GET"]}}],"collection":[{"href":"http:\/\/myblog.foentrich.de\/index.php?rest_route=\/wp\/v2\/posts"}],"about":[{"href":"http:\/\/myblog.foentrich.de\/index.php?rest_route=\/wp\/v2\/types\/post"}],"author":[{"embeddable":true,"href":"http:\/\/myblog.foentrich.de\/index.php?rest_route=\/wp\/v2\/users\/1"}],"replies":[{"embeddable":true,"href":"http:\/\/myblog.foentrich.de\/index.php?rest_route=%2Fwp%2Fv2%2Fcomments&post=1987"}],"version-history":[{"count":145,"href":"http:\/\/myblog.foentrich.de\/index.php?rest_route=\/wp\/v2\/posts\/1987\/revisions"}],"predecessor-version":[{"id":2771,"href":"http:\/\/myblog.foentrich.de\/index.php?rest_route=\/wp\/v2\/posts\/1987\/revisions\/2771"}],"wp:attachment":[{"href":"http:\/\/myblog.foentrich.de\/index.php?rest_route=%2Fwp%2Fv2%2Fmedia&parent=1987"}],"wp:term":[{"taxonomy":"category","embeddable":true,"href":"http:\/\/myblog.foentrich.de\/index.php?rest_route=%2Fwp%2Fv2%2Fcategories&post=1987"},{"taxonomy":"post_tag","embeddable":true,"href":"http:\/\/myblog.foentrich.de\/index.php?rest_route=%2Fwp%2Fv2%2Ftags&post=1987"}],"curies":[{"name":"wp","href":"https:\/\/api.w.org\/{rel}","templated":true}]}}