{"id":1693,"date":"2013-03-27T18:24:34","date_gmt":"2013-03-27T18:24:34","guid":{"rendered":"http:\/\/myblog.foentrich.de\/?p=1693"},"modified":"2013-03-29T09:05:30","modified_gmt":"2013-03-29T09:05:30","slug":"tag-4-wir-bleiben-mal-einfach-im-tal","status":"publish","type":"post","link":"http:\/\/myblog.foentrich.de\/?p=1693","title":{"rendered":"Tag 4 &#8211; Wir bleiben mal einfach im Tal"},"content":{"rendered":"<p>Unseren Weg, durch das Treppenviertel La Calera, w\u00e4hlen wir heute bewusst mal anders. Dabei lernen wir den Charme dieser kleinen Gassen kennen. Stellenweise wundert es, dass zwischen diesen vielen steilen Treppen und Winkeln Menschen ihr ganzes Leben verbringen.<br \/>\nHeute ist mal keine Rundtour angesagt. Wir fahren Richtung Vueltas und parken zwischen Borbalan und Vueltas. Wir tippeln Richtung Hafen in der zweiten Reihe an den kleinen Gesch\u00e4ften vorbei. Um den Hafen herum geht, unter einem riesigen Felsen, ein Schotterweg zu einer &#8222;Fruchtfarm&#8220;.<br \/>\nGro\u00dfe Hinweistafeln warnen eindringlich vor den &#8222;einschl\u00e4gigen&#8220; Brocken, die zahlreich am Wegesrand vorhanden sind. Unbewusst geht man etwas schneller durch dieses Teilst\u00fcck.<br \/>\nIch habe meine neuen Wandersandalen an und merke mal wieder, was ich mir da f\u00fcr teures Geld, f\u00fcr einen Murks erstanden habe. Hinter dem Einschlaggebiet liegt, vollkommen ruhig und abgeschieden, ein kleines Tal. Vorderst befindet sich eine Meditationsschule, die durch eine hohe Mauer von der Au\u00dfenwelt getrennt ist. 300m weiter ins Tal, kommt die Farm und eine Hinweistafel &#8222;F\u00fchrung mit Verkostung von 12 tropischen Fr\u00fcchten 10\u20ac&#8220;. Skeptisch betreten wir das Gel\u00e4nde und treffen auf wartende Urlauber. Weiter hinten eine Gruppe wie im Kindergarten. Irgendwie schauen wir uns an und treten den taktischen R\u00fcckzug an.<br \/>\nWieder im Hafen, entern wir unsere bekannte Fischerkneipe zwecks einem Drink. Aber dann k\u00f6nnen wir den leckeren Tapas doch nicht widerstehen. Die Kneipe ist wieder mal voll und das Personal rotiert.<br \/>\nBald geht wieder durch den Ort zum Auto. In LaPlaya gibt&#8217;s ein kleines Eis auf die Hand und danach schauen wir uns den &#8222;Fremdenstrand&#8220; (Playa del Ingles) an. Und richtig, ein paar &#8222;fremde&#8220; Engelchen sind auch da.<br \/>\nDie Sonne erinnert uns an unseren Lichtschutzfaktor und bald merken wir, dass wir fast den ganzen Tag vertr\u00f6delt haben.<br \/>\nHeute gehen wir mal, bei uns nebenan, zum Sebastian essen. Ein nettes, \u00e4lteres Paar, Sie eine der vielen Germanen(innen), hier wohl irgendwann mal h\u00e4ngen geblieben. Es gibt Seezunge und Thunfisch. Ich kann mich nicht an solche Portionen erinnern.<br \/>\nNun ist es nicht weit nom Bett.<\/p>\n<p><a href=\"http:\/\/myblog.foentrich.de\/wp-content\/uploads\/2013\/03\/20130327-192248.jpg\"><img decoding=\"async\" src=\"http:\/\/myblog.foentrich.de\/wp-content\/uploads\/2013\/03\/20130327-192248.jpg\" alt=\"20130327-192248.jpg\" class=\"alignnone size-full\" \/><\/a><\/p>\n<p><a href=\"http:\/\/myblog.foentrich.de\/wp-content\/uploads\/2013\/03\/20130327-192303.jpg\"><img decoding=\"async\" src=\"http:\/\/myblog.foentrich.de\/wp-content\/uploads\/2013\/03\/20130327-192303.jpg\" alt=\"20130327-192303.jpg\" class=\"alignnone size-full\" \/><\/a><\/p>\n<p><a href=\"http:\/\/myblog.foentrich.de\/wp-content\/uploads\/2013\/03\/20130327-192331.jpg\"><img decoding=\"async\" src=\"http:\/\/myblog.foentrich.de\/wp-content\/uploads\/2013\/03\/20130327-192331.jpg\" alt=\"20130327-192331.jpg\" class=\"alignnone size-full\" \/><\/a><\/p>\n<p><a href=\"http:\/\/myblog.foentrich.de\/wp-content\/uploads\/2013\/03\/20130327-192348.jpg\"><img decoding=\"async\" src=\"http:\/\/myblog.foentrich.de\/wp-content\/uploads\/2013\/03\/20130327-192348.jpg\" alt=\"20130327-192348.jpg\" class=\"alignnone size-full\" \/><\/a><\/p>\n<p><a href=\"http:\/\/myblog.foentrich.de\/wp-content\/uploads\/2013\/03\/20130327-192401.jpg\"><img decoding=\"async\" src=\"http:\/\/myblog.foentrich.de\/wp-content\/uploads\/2013\/03\/20130327-192401.jpg\" alt=\"20130327-192401.jpg\" class=\"alignnone size-full\" \/><\/a><\/p>\n<p><a href=\"http:\/\/myblog.foentrich.de\/wp-content\/uploads\/2013\/03\/20130327-192459.jpg\"><img decoding=\"async\" src=\"http:\/\/myblog.foentrich.de\/wp-content\/uploads\/2013\/03\/20130327-192459.jpg\" alt=\"20130327-192459.jpg\" class=\"alignnone size-full\" \/><\/a><\/p>\n<p><a href=\"http:\/\/myblog.foentrich.de\/wp-content\/uploads\/2013\/03\/20130327-192516.jpg\"><img decoding=\"async\" src=\"http:\/\/myblog.foentrich.de\/wp-content\/uploads\/2013\/03\/20130327-192516.jpg\" alt=\"20130327-192516.jpg\" class=\"alignnone size-full\" \/><\/a><\/p>\n<p><a href=\"http:\/\/myblog.foentrich.de\/wp-content\/uploads\/2013\/03\/20130327-192534.jpg\"><img decoding=\"async\" src=\"http:\/\/myblog.foentrich.de\/wp-content\/uploads\/2013\/03\/20130327-192534.jpg\" alt=\"20130327-192534.jpg\" class=\"alignnone size-full\" \/><\/a><\/p>\n<p><a href=\"http:\/\/myblog.foentrich.de\/wp-content\/uploads\/2013\/03\/20130327-192603.jpg\"><img decoding=\"async\" src=\"http:\/\/myblog.foentrich.de\/wp-content\/uploads\/2013\/03\/20130327-192603.jpg\" alt=\"20130327-192603.jpg\" class=\"alignnone size-full\" \/><\/a><\/p>\n<p><a href=\"http:\/\/myblog.foentrich.de\/wp-content\/uploads\/2013\/03\/20130327-192635.jpg\"><img decoding=\"async\" src=\"http:\/\/myblog.foentrich.de\/wp-content\/uploads\/2013\/03\/20130327-192635.jpg\" alt=\"20130327-192635.jpg\" class=\"alignnone size-full\" \/><\/a><\/p>\n<p><a href=\"http:\/\/myblog.foentrich.de\/wp-content\/uploads\/2013\/03\/20130327-192656.jpg\"><img decoding=\"async\" src=\"http:\/\/myblog.foentrich.de\/wp-content\/uploads\/2013\/03\/20130327-192656.jpg\" alt=\"20130327-192656.jpg\" class=\"alignnone size-full\" \/><\/a><\/p>\n<p><a href=\"http:\/\/myblog.foentrich.de\/wp-content\/uploads\/2013\/03\/20130327-192735.jpg\"><img decoding=\"async\" src=\"http:\/\/myblog.foentrich.de\/wp-content\/uploads\/2013\/03\/20130327-192735.jpg\" alt=\"20130327-192735.jpg\" class=\"alignnone size-full\" \/><\/a><\/p>\n<p><a href=\"http:\/\/myblog.foentrich.de\/wp-content\/uploads\/2013\/03\/20130327-192830.jpg\"><img decoding=\"async\" src=\"http:\/\/myblog.foentrich.de\/wp-content\/uploads\/2013\/03\/20130327-192830.jpg\" alt=\"20130327-192830.jpg\" class=\"alignnone size-full\" \/><\/a><\/p>\n<p><a href=\"http:\/\/myblog.foentrich.de\/wp-content\/uploads\/2013\/03\/20130327-192841.jpg\"><img decoding=\"async\" src=\"http:\/\/myblog.foentrich.de\/wp-content\/uploads\/2013\/03\/20130327-192841.jpg\" alt=\"20130327-192841.jpg\" class=\"alignnone size-full\" \/><\/a><\/p>\n<p><a href=\"http:\/\/myblog.foentrich.de\/wp-content\/uploads\/2013\/03\/20130327-192905.jpg\"><img decoding=\"async\" src=\"http:\/\/myblog.foentrich.de\/wp-content\/uploads\/2013\/03\/20130327-192905.jpg\" alt=\"20130327-192905.jpg\" class=\"alignnone size-full\" \/><\/a><\/p>\n<p><a href=\"http:\/\/myblog.foentrich.de\/wp-content\/uploads\/2013\/03\/20130327-192922.jpg\"><img decoding=\"async\" src=\"http:\/\/myblog.foentrich.de\/wp-content\/uploads\/2013\/03\/20130327-192922.jpg\" alt=\"20130327-192922.jpg\" class=\"alignnone size-full\" \/><\/a><\/p>\n","protected":false},"excerpt":{"rendered":"<p>Unseren Weg, durch das Treppenviertel La Calera, w\u00e4hlen wir heute bewusst mal anders. Dabei lernen wir den Charme dieser kleinen Gassen kennen. Stellenweise wundert es, dass zwischen diesen vielen steilen Treppen und Winkeln Menschen ihr ganzes Leben verbringen. Heute ist mal keine Rundtour angesagt. Wir fahren Richtung Vueltas und parken zwischen Borbalan und Vueltas. Wir &hellip; <a href=\"http:\/\/myblog.foentrich.de\/?p=1693\" class=\"more-link\"><span class=\"screen-reader-text\">Tag 4 &#8211; Wir bleiben mal einfach im Tal<\/span> weiterlesen <span class=\"meta-nav\">&rarr;<\/span><\/a><\/p>\n","protected":false},"author":1,"featured_media":0,"comment_status":"open","ping_status":"open","sticky":false,"template":"","format":"standard","meta":{"footnotes":""},"categories":[6],"tags":[],"class_list":["post-1693","post","type-post","status-publish","format-standard","hentry","category-la-gomera"],"_links":{"self":[{"href":"http:\/\/myblog.foentrich.de\/index.php?rest_route=\/wp\/v2\/posts\/1693","targetHints":{"allow":["GET"]}}],"collection":[{"href":"http:\/\/myblog.foentrich.de\/index.php?rest_route=\/wp\/v2\/posts"}],"about":[{"href":"http:\/\/myblog.foentrich.de\/index.php?rest_route=\/wp\/v2\/types\/post"}],"author":[{"embeddable":true,"href":"http:\/\/myblog.foentrich.de\/index.php?rest_route=\/wp\/v2\/users\/1"}],"replies":[{"embeddable":true,"href":"http:\/\/myblog.foentrich.de\/index.php?rest_route=%2Fwp%2Fv2%2Fcomments&post=1693"}],"version-history":[{"count":277,"href":"http:\/\/myblog.foentrich.de\/index.php?rest_route=\/wp\/v2\/posts\/1693\/revisions"}],"predecessor-version":[{"id":2367,"href":"http:\/\/myblog.foentrich.de\/index.php?rest_route=\/wp\/v2\/posts\/1693\/revisions\/2367"}],"wp:attachment":[{"href":"http:\/\/myblog.foentrich.de\/index.php?rest_route=%2Fwp%2Fv2%2Fmedia&parent=1693"}],"wp:term":[{"taxonomy":"category","embeddable":true,"href":"http:\/\/myblog.foentrich.de\/index.php?rest_route=%2Fwp%2Fv2%2Fcategories&post=1693"},{"taxonomy":"post_tag","embeddable":true,"href":"http:\/\/myblog.foentrich.de\/index.php?rest_route=%2Fwp%2Fv2%2Ftags&post=1693"}],"curies":[{"name":"wp","href":"https:\/\/api.w.org\/{rel}","templated":true}]}}