{"id":1231,"date":"2013-03-25T21:49:21","date_gmt":"2013-03-25T21:49:21","guid":{"rendered":"http:\/\/myblog.foentrich.de\/?p=1231"},"modified":"2013-03-26T09:09:34","modified_gmt":"2013-03-26T09:09:34","slug":"tag-2-la-playa-der-lorbeerurwald-und-valhermoso","status":"publish","type":"post","link":"http:\/\/myblog.foentrich.de\/?p=1231","title":{"rendered":"Tag 2 &#8211; La Playa, der Lorbeerurwald und Valhermoso"},"content":{"rendered":"<p>Wir kommen ziemlich sp\u00e4t aus den Federn. 1,5 Tage ohne richtigen Schlaf haben wohl Spuren hinterlassen.<br \/>\nEs ist Sonntag und wir haben nichts eingekauft. Also erstmal in Downtown &#8230; LaPlaya &#8230; (wir wohnen ja Uptown, aber ohne Lift \ud83d\ude41  ) ein kleines Fr\u00fchst\u00fcck in der Sonne. Wir betrachten das beschauliche Treiben.<br \/>\nEigentlich will man da ja nicht mehr weg.<br \/>\nAber wir haben ja den Nationalpark Garajonay eingeplant. Also wieder &#8222;Bergauf&#8220; mit unserem Auto Richtung Inselmitte. Das Valle Gran Rey mit seinen dramatischen, fast senkrechten hohen W\u00e4nden beeindruckt wirklich. 1400 H\u00f6henmeter weiter oben \u00e4ndert sich die Flora deutlich. Lorbeerurwald, in einigen Bereichen deutlich durch ein riesigen Feuersturm 2012 vernichtet, erstreckt sich \u00fcber den zentralen Teil der Insel. Wo der Wald intakt ist, hat er eine dichte Kuppel, die das ganze Areal, selbst bei starker Sonne abschattet.<br \/>\nWir wollen zum Besucherzentrum. Das jedoch liegt wieder erwarten im Norden der Insel und so geht es erst mal 10km wieder bergab. Leider ist dort, entgegen meiner Erwartung, in einer sch\u00f6nen Anlage eher wenig zu erkunden. Da Heidi der Magen knurrt, \u00e4ndern wir unseren Plan und legen einen Snack in der N\u00e4he ein. Ich bestelle ein paar Rippchen und bekomme einen Riesenteller f\u00fcr 7\u20ac. Frisch, richtig gut und vom gro\u00dfen Holzkohlengrill. Kurzerhand und mangels Zeit und Motivation (satt wandert schlecht :)) \u00e4ndern wir die Route und fahren im Norden durch Valhermoso (das sch\u00f6ne Tal) Richtung Heimat.<br \/>\nAm Abend gehen wir noch eine Runde durch LaPlaya und schauen dem Treiben am Hippie Hype &#8222;Casa Maria&#8220; zu. Hier findet seit den 70er Jahren t\u00e4glich der Sundown statt. Einige von den &#8222;Ehemaligen&#8220; leben immer noch hier. Alle sitzen auf der Mauer am Strand und lauschen den Trommeln, der Musik, der Brandung, dem &#8230; was auch immer.<br \/>\nAb ins Bett &#8230;<\/p>\n<p><a href=\"http:\/\/myblog.foentrich.de\/wp-content\/uploads\/2013\/03\/20130325-222905.jpg\"><img decoding=\"async\" src=\"http:\/\/myblog.foentrich.de\/wp-content\/uploads\/2013\/03\/20130325-222905.jpg\" alt=\"20130325-222905.jpg\" class=\"alignnone size-full\" \/><\/a><\/p>\n<p><a href=\"http:\/\/myblog.foentrich.de\/wp-content\/uploads\/2013\/03\/20130325-223016.jpg\"><img decoding=\"async\" src=\"http:\/\/myblog.foentrich.de\/wp-content\/uploads\/2013\/03\/20130325-223016.jpg\" alt=\"20130325-223016.jpg\" class=\"alignnone size-full\" \/><\/a><\/p>\n<p><a href=\"http:\/\/myblog.foentrich.de\/wp-content\/uploads\/2013\/03\/20130325-223054.jpg\"><img decoding=\"async\" src=\"http:\/\/myblog.foentrich.de\/wp-content\/uploads\/2013\/03\/20130325-223054.jpg\" alt=\"20130325-223054.jpg\" class=\"alignnone size-full\" \/><\/a><\/p>\n<p><a href=\"http:\/\/myblog.foentrich.de\/wp-content\/uploads\/2013\/03\/20130325-223141.jpg\"><img decoding=\"async\" src=\"http:\/\/myblog.foentrich.de\/wp-content\/uploads\/2013\/03\/20130325-223141.jpg\" alt=\"20130325-223141.jpg\" class=\"alignnone size-full\" \/><\/a><\/p>\n<p><a href=\"http:\/\/myblog.foentrich.de\/wp-content\/uploads\/2013\/03\/20130325-223234.jpg\"><img decoding=\"async\" src=\"http:\/\/myblog.foentrich.de\/wp-content\/uploads\/2013\/03\/20130325-223234.jpg\" alt=\"20130325-223234.jpg\" class=\"alignnone size-full\" \/><\/a><\/p>\n<p><a href=\"http:\/\/myblog.foentrich.de\/wp-content\/uploads\/2013\/03\/20130325-223323.jpg\"><img decoding=\"async\" src=\"http:\/\/myblog.foentrich.de\/wp-content\/uploads\/2013\/03\/20130325-223323.jpg\" alt=\"20130325-223323.jpg\" class=\"alignnone size-full\" \/><\/a><\/p>\n<p><a href=\"http:\/\/myblog.foentrich.de\/wp-content\/uploads\/2013\/03\/20130325-223440.jpg\"><img decoding=\"async\" src=\"http:\/\/myblog.foentrich.de\/wp-content\/uploads\/2013\/03\/20130325-223440.jpg\" alt=\"20130325-223440.jpg\" class=\"alignnone size-full\" \/><\/a><\/p>\n<p><a href=\"http:\/\/myblog.foentrich.de\/wp-content\/uploads\/2013\/03\/20130325-223455.jpg\"><img decoding=\"async\" src=\"http:\/\/myblog.foentrich.de\/wp-content\/uploads\/2013\/03\/20130325-223455.jpg\" alt=\"20130325-223455.jpg\" class=\"alignnone size-full\" \/><\/a><\/p>\n<p><a href=\"http:\/\/myblog.foentrich.de\/wp-content\/uploads\/2013\/03\/20130325-223516.jpg\"><img decoding=\"async\" src=\"http:\/\/myblog.foentrich.de\/wp-content\/uploads\/2013\/03\/20130325-223516.jpg\" alt=\"20130325-223516.jpg\" class=\"alignnone size-full\" \/><\/a><\/p>\n<p><a href=\"http:\/\/myblog.foentrich.de\/wp-content\/uploads\/2013\/03\/20130325-223536.jpg\"><img decoding=\"async\" src=\"http:\/\/myblog.foentrich.de\/wp-content\/uploads\/2013\/03\/20130325-223536.jpg\" alt=\"20130325-223536.jpg\" class=\"alignnone size-full\" \/><\/a><\/p>\n<p><a href=\"http:\/\/myblog.foentrich.de\/wp-content\/uploads\/2013\/03\/20130325-223600.jpg\"><img decoding=\"async\" src=\"http:\/\/myblog.foentrich.de\/wp-content\/uploads\/2013\/03\/20130325-223600.jpg\" alt=\"20130325-223600.jpg\" class=\"alignnone size-full\" \/><\/a><\/p>\n<p><a href=\"http:\/\/myblog.foentrich.de\/wp-content\/uploads\/2013\/03\/20130325-223721.jpg\"><img decoding=\"async\" src=\"http:\/\/myblog.foentrich.de\/wp-content\/uploads\/2013\/03\/20130325-223721.jpg\" alt=\"20130325-223721.jpg\" class=\"alignnone size-full\" \/><\/a><\/p>\n<p><a href=\"http:\/\/myblog.foentrich.de\/wp-content\/uploads\/2013\/03\/20130325-223745.jpg\"><img decoding=\"async\" src=\"http:\/\/myblog.foentrich.de\/wp-content\/uploads\/2013\/03\/20130325-223745.jpg\" alt=\"20130325-223745.jpg\" class=\"alignnone size-full\" \/><\/a><\/p>\n<p><a href=\"http:\/\/myblog.foentrich.de\/wp-content\/uploads\/2013\/03\/20130325-223806.jpg\"><img decoding=\"async\" src=\"http:\/\/myblog.foentrich.de\/wp-content\/uploads\/2013\/03\/20130325-223806.jpg\" alt=\"20130325-223806.jpg\" class=\"alignnone size-full\" \/><\/a><\/p>\n<p><a href=\"http:\/\/myblog.foentrich.de\/wp-content\/uploads\/2013\/03\/20130325-223829.jpg\"><img decoding=\"async\" src=\"http:\/\/myblog.foentrich.de\/wp-content\/uploads\/2013\/03\/20130325-223829.jpg\" alt=\"20130325-223829.jpg\" class=\"alignnone size-full\" \/><\/a><\/p>\n<p><a href=\"http:\/\/myblog.foentrich.de\/wp-content\/uploads\/2013\/03\/20130325-223850.jpg\"><img decoding=\"async\" src=\"http:\/\/myblog.foentrich.de\/wp-content\/uploads\/2013\/03\/20130325-223850.jpg\" alt=\"20130325-223850.jpg\" class=\"alignnone size-full\" \/><\/a><\/p>\n","protected":false},"excerpt":{"rendered":"<p>Wir kommen ziemlich sp\u00e4t aus den Federn. 1,5 Tage ohne richtigen Schlaf haben wohl Spuren hinterlassen. Es ist Sonntag und wir haben nichts eingekauft. Also erstmal in Downtown &#8230; LaPlaya &#8230; (wir wohnen ja Uptown, aber ohne Lift \ud83d\ude41 ) ein kleines Fr\u00fchst\u00fcck in der Sonne. Wir betrachten das beschauliche Treiben. Eigentlich will man da &hellip; <a href=\"http:\/\/myblog.foentrich.de\/?p=1231\" class=\"more-link\"><span class=\"screen-reader-text\">Tag 2 &#8211; La Playa, der Lorbeerurwald und Valhermoso<\/span> weiterlesen <span class=\"meta-nav\">&rarr;<\/span><\/a><\/p>\n","protected":false},"author":1,"featured_media":0,"comment_status":"open","ping_status":"open","sticky":false,"template":"","format":"standard","meta":{"footnotes":""},"categories":[6],"tags":[],"class_list":["post-1231","post","type-post","status-publish","format-standard","hentry","category-la-gomera"],"_links":{"self":[{"href":"http:\/\/myblog.foentrich.de\/index.php?rest_route=\/wp\/v2\/posts\/1231","targetHints":{"allow":["GET"]}}],"collection":[{"href":"http:\/\/myblog.foentrich.de\/index.php?rest_route=\/wp\/v2\/posts"}],"about":[{"href":"http:\/\/myblog.foentrich.de\/index.php?rest_route=\/wp\/v2\/types\/post"}],"author":[{"embeddable":true,"href":"http:\/\/myblog.foentrich.de\/index.php?rest_route=\/wp\/v2\/users\/1"}],"replies":[{"embeddable":true,"href":"http:\/\/myblog.foentrich.de\/index.php?rest_route=%2Fwp%2Fv2%2Fcomments&post=1231"}],"version-history":[{"count":228,"href":"http:\/\/myblog.foentrich.de\/index.php?rest_route=\/wp\/v2\/posts\/1231\/revisions"}],"predecessor-version":[{"id":1476,"href":"http:\/\/myblog.foentrich.de\/index.php?rest_route=\/wp\/v2\/posts\/1231\/revisions\/1476"}],"wp:attachment":[{"href":"http:\/\/myblog.foentrich.de\/index.php?rest_route=%2Fwp%2Fv2%2Fmedia&parent=1231"}],"wp:term":[{"taxonomy":"category","embeddable":true,"href":"http:\/\/myblog.foentrich.de\/index.php?rest_route=%2Fwp%2Fv2%2Fcategories&post=1231"},{"taxonomy":"post_tag","embeddable":true,"href":"http:\/\/myblog.foentrich.de\/index.php?rest_route=%2Fwp%2Fv2%2Ftags&post=1231"}],"curies":[{"name":"wp","href":"https:\/\/api.w.org\/{rel}","templated":true}]}}